{"id":2548,"date":"2025-12-27T14:32:22","date_gmt":"2025-12-27T14:32:22","guid":{"rendered":"https:\/\/util.hr\/?p=2548"},"modified":"2026-02-10T14:43:10","modified_gmt":"2026-02-10T14:43:10","slug":"potrosnja-u-prosincu","status":"publish","type":"post","link":"https:\/\/util.hr\/en\/2025\/12\/27\/potrosnja-u-prosincu\/","title":{"rendered":"Potro\u0161nja u prosincu"},"content":{"rendered":"<p>Op\u0107a potro\u0161nja u maloprodaji je u prosincu bila na rekordnim razinama.<\/p>\n<p>Za Novu TV g. \u017dupa je pojasnio da se u op\u0107u potro\u0161nju ubraja ne samo trgovina hranom i pi\u0107em, ve\u0107 i cijeli niz usluga &#8211; kao \u0161to su primjerice restorani, kafi\u0107i, industrija zabave, prigodni festivali itd.<\/p>\n<p>Naglasio je da cijene u trgovinama u pravilu nisu pove\u0107ane u predblagdanskom periodu, ve\u0107 nasuprot tome, trgovci sni\u017eavaju cijene zbog velike konkurentnosti na tr\u017ei\u0161tu trgovine. Dodao je i da su pla\u0107e zna\u010dajno rasle i u ovoj i u pro\u0161loj godini pa su si tako potro\u0161a\u010di priu\u0161tili malo bogatije blagdanske ko\u0161arice, kao i da su op\u0107enito vi\u0161e tro\u0161ili nego pro\u0161lih godina.<\/p>","protected":false},"excerpt":{"rendered":"<p>Op\u0107a potro\u0161nja u maloprodaji je u prosincu bila na rekordnim razinama. Za Novu TV g. \u017dupa je pojasnio da se u op\u0107u potro\u0161nju ubraja ne samo trgovina hranom i pi\u0107em, ve\u0107 i cijeli niz usluga &#8211; kao \u0161to su primjerice restorani, kafi\u0107i, industrija zabave, prigodni festivali itd. Naglasio je da cijene u trgovinama u pravilu [&hellip;]<\/p>","protected":false},"author":1,"featured_media":2556,"comment_status":"open","ping_status":"open","sticky":false,"template":"","format":"standard","meta":{"footnotes":""},"categories":[1],"tags":[],"class_list":["post-2548","post","type-post","status-publish","format-standard","has-post-thumbnail","hentry","category-blog"],"blocksy_meta":"","_links":{"self":[{"href":"https:\/\/util.hr\/en\/wp-json\/wp\/v2\/posts\/2548","targetHints":{"allow":["GET"]}}],"collection":[{"href":"https:\/\/util.hr\/en\/wp-json\/wp\/v2\/posts"}],"about":[{"href":"https:\/\/util.hr\/en\/wp-json\/wp\/v2\/types\/post"}],"author":[{"embeddable":true,"href":"https:\/\/util.hr\/en\/wp-json\/wp\/v2\/users\/1"}],"replies":[{"embeddable":true,"href":"https:\/\/util.hr\/en\/wp-json\/wp\/v2\/comments?post=2548"}],"version-history":[{"count":1,"href":"https:\/\/util.hr\/en\/wp-json\/wp\/v2\/posts\/2548\/revisions"}],"predecessor-version":[{"id":2550,"href":"https:\/\/util.hr\/en\/wp-json\/wp\/v2\/posts\/2548\/revisions\/2550"}],"wp:featuredmedia":[{"embeddable":true,"href":"https:\/\/util.hr\/en\/wp-json\/wp\/v2\/media\/2556"}],"wp:attachment":[{"href":"https:\/\/util.hr\/en\/wp-json\/wp\/v2\/media?parent=2548"}],"wp:term":[{"taxonomy":"category","embeddable":true,"href":"https:\/\/util.hr\/en\/wp-json\/wp\/v2\/categories?post=2548"},{"taxonomy":"post_tag","embeddable":true,"href":"https:\/\/util.hr\/en\/wp-json\/wp\/v2\/tags?post=2548"}],"curies":[{"name":"wp","href":"https:\/\/api.w.org\/{rel}","templated":true}]}}