{"id":2483,"date":"2023-12-10T19:26:04","date_gmt":"2023-12-10T19:26:04","guid":{"rendered":"https:\/\/util.hr\/?p=2483"},"modified":"2023-12-10T19:26:04","modified_gmt":"2023-12-10T19:26:04","slug":"promjene-u-upravljackim-tijelima","status":"publish","type":"post","link":"https:\/\/util.hr\/en\/2023\/12\/10\/promjene-u-upravljackim-tijelima\/","title":{"rendered":"Promjene u upravlja\u010dkim tijelima"},"content":{"rendered":"<p>Udruga trgovine i logistike odr\u017eala je redovnu godi\u0161nju skup\u0161tinu \u010dlanica.<\/p>\n<p>Skup\u0161tina je usvojila financijska izvje\u0161\u0107a te izvje\u0161\u0107a o radu iz ranijih razdoblja, a imenovala je i nove \u010dlanove u upravlja\u010dkim tijelima Udruge.<\/p>\n<p>Zbog odlaska \u010dlana Upravnog odbora, g. <strong>Tomislava Kramari\u0107a<\/strong>, na novu du\u017enost izvan Republike Hrvatske, na njegovo mjesto u Upravni odbor je imenovan dosada\u0161nji \u010dlan Savjeta Udruge, g. <strong>Tomislav<\/strong> <strong>Bagi\u0107<\/strong>. G. Bagi\u0107 je od ove jeseni \u010dlan uprave Konzum plusa, a njegovo dugogodi\u0161nje iskustvo na visokim pozicijama u sektoru trgovine doprinijet \u0107e ostvarenju ciljeva i programa Udruge.<\/p>\n<p>Novi \u010dlan Upravnog odbora je i g.\u00a0<strong>Edvard Varda<\/strong>, dugogodi\u0161nji poduzetnik u sektoru trgovine te predsjednik uprave i suvlasnik dru\u0161tva Unconditional pod \u010dijim okriljem djeluju brandovi trgovina Zoo City i Hunter. G. Varda u Upravni odbor donosi svoje iskustvo u specijaliziranoj ne-prehrambenoj trgovini te internetskoj trgovini.<\/p>\n<p>U Savjet Udruge dolazi g\u0111a<strong> Helena Klari\u0107<\/strong>, predsjednica uprave najve\u0107eg maloprodajnog lanca kioska Tisak plus. G\u0111a Klari\u0107 poja\u010dat \u0107e Savjet svojim specifi\u010dnim iskustvom koji objedinjuje upravljanje maloprodajom, ali i unaprje\u0111enjem digitalizacije poslovanja u trgovini te loyalty programima trgovine.<\/p>\n<p>Novim du\u017enosnicima \u017eelimo mnogo uspjeha u radu.<\/p>\n<p>&nbsp;<\/p>","protected":false},"excerpt":{"rendered":"<p>Udruga trgovine i logistike odr\u017eala je redovnu godi\u0161nju skup\u0161tinu \u010dlanica. Skup\u0161tina je usvojila financijska izvje\u0161\u0107a te izvje\u0161\u0107a o radu iz ranijih razdoblja, a imenovala je i nove \u010dlanove u upravlja\u010dkim tijelima Udruge. Zbog odlaska \u010dlana Upravnog odbora, g. Tomislava Kramari\u0107a, na novu du\u017enost izvan Republike Hrvatske, na njegovo mjesto u Upravni odbor je imenovan dosada\u0161nji [&hellip;]<\/p>","protected":false},"author":1,"featured_media":2424,"comment_status":"open","ping_status":"open","sticky":false,"template":"","format":"standard","meta":{"footnotes":""},"categories":[1],"tags":[],"class_list":["post-2483","post","type-post","status-publish","format-standard","has-post-thumbnail","hentry","category-blog"],"blocksy_meta":"","_links":{"self":[{"href":"https:\/\/util.hr\/en\/wp-json\/wp\/v2\/posts\/2483","targetHints":{"allow":["GET"]}}],"collection":[{"href":"https:\/\/util.hr\/en\/wp-json\/wp\/v2\/posts"}],"about":[{"href":"https:\/\/util.hr\/en\/wp-json\/wp\/v2\/types\/post"}],"author":[{"embeddable":true,"href":"https:\/\/util.hr\/en\/wp-json\/wp\/v2\/users\/1"}],"replies":[{"embeddable":true,"href":"https:\/\/util.hr\/en\/wp-json\/wp\/v2\/comments?post=2483"}],"version-history":[{"count":2,"href":"https:\/\/util.hr\/en\/wp-json\/wp\/v2\/posts\/2483\/revisions"}],"predecessor-version":[{"id":2488,"href":"https:\/\/util.hr\/en\/wp-json\/wp\/v2\/posts\/2483\/revisions\/2488"}],"wp:featuredmedia":[{"embeddable":true,"href":"https:\/\/util.hr\/en\/wp-json\/wp\/v2\/media\/2424"}],"wp:attachment":[{"href":"https:\/\/util.hr\/en\/wp-json\/wp\/v2\/media?parent=2483"}],"wp:term":[{"taxonomy":"category","embeddable":true,"href":"https:\/\/util.hr\/en\/wp-json\/wp\/v2\/categories?post=2483"},{"taxonomy":"post_tag","embeddable":true,"href":"https:\/\/util.hr\/en\/wp-json\/wp\/v2\/tags?post=2483"}],"curies":[{"name":"wp","href":"https:\/\/api.w.org\/{rel}","templated":true}]}}