{"id":2472,"date":"2023-11-28T14:42:36","date_gmt":"2023-11-28T14:42:36","guid":{"rendered":"https:\/\/util.hr\/?p=2472"},"modified":"2023-11-28T14:49:32","modified_gmt":"2023-11-28T14:49:32","slug":"groznica-crnog-petka","status":"publish","type":"post","link":"https:\/\/util.hr\/en\/2023\/11\/28\/groznica-crnog-petka\/","title":{"rendered":"Groznica crnog petka"},"content":{"rendered":"<p class=\"p1\">Crni petak ove godine neki trgovci su obilje\u017eili cijeli vikend, neki cijeli tjedan, a neki su proglasili \u010dak i cijeli mjesec<b>.<\/b><\/p>\n<p class=\"p3\">Dopredsjednica Udruge trgovine i logistike, <strong>g\u0111a Ana Babi\u0107<\/strong>, sudjelovala je u prilozima <strong>RTL televizije<\/strong> i <strong>NoveTV<\/strong> koji su analizirali rezultate crnog petka.<\/p>\n<p>Ove godine se o\u010dekuje da \u0107e ukupna potro\u0161nja crnog petka i crnog vikenda nadma\u0161iti pro\u0161logodi\u0161nje rezultate, a popusti su, uz poneke iznimke, izme\u0111u 30 i 40 posto.<\/p>\n<p class=\"p3\">Iz izjava g\u0111e Ane Babi\u0107 izdvajamo.<\/p>\n<p class=\"p3\">O popustima:<\/p>\n<p class=\"p3\"><em>&#8220;Mnogi retaileri ve\u0107 s popustima od 40 posto jedva po<\/em><em>krivaju svoje tro\u0161kove, to su maksimalni popusti koje trgovci mogu osigurati&#8221;.<\/em><\/p>\n<p class=\"p3\">Jesu li popusti u SAD-u mnogo bolji:<\/p>\n<p class=\"p3\"><em>&#8220;Provjerila sam jutros popuste u ve\u0107im trgovinama u SAD-u, i zapravo su popusti jednaki kao i u Hrvatskoj te se kre\u0107u izme\u0111u 30 i 40 posto.&#8221;<\/em><\/p>\n<p class=\"p3\">Za\u0161to se Black friday groznica ne vidi u trgovinama:<\/p>\n<p class=\"p3\"><em>&#8220;Online nudi prakti\u010dnost, ali i mnogo vi\u0161e \u0161tite kupce jer se svaki proizvod mo\u017ee vratiti unutar 14 dana.&#8221;<\/em><\/p>","protected":false},"excerpt":{"rendered":"<p>Crni petak ove godine neki trgovci su obilje\u017eili cijeli vikend, neki cijeli tjedan, a neki su proglasili \u010dak i cijeli mjesec. Dopredsjednica Udruge trgovine i logistike, g\u0111a Ana Babi\u0107, sudjelovala je u prilozima RTL televizije i NoveTV koji su analizirali rezultate crnog petka. Ove godine se o\u010dekuje da \u0107e ukupna potro\u0161nja crnog petka i crnog [&hellip;]<\/p>","protected":false},"author":1,"featured_media":2474,"comment_status":"open","ping_status":"open","sticky":false,"template":"","format":"standard","meta":{"footnotes":""},"categories":[1],"tags":[],"class_list":["post-2472","post","type-post","status-publish","format-standard","has-post-thumbnail","hentry","category-blog"],"blocksy_meta":"","_links":{"self":[{"href":"https:\/\/util.hr\/en\/wp-json\/wp\/v2\/posts\/2472","targetHints":{"allow":["GET"]}}],"collection":[{"href":"https:\/\/util.hr\/en\/wp-json\/wp\/v2\/posts"}],"about":[{"href":"https:\/\/util.hr\/en\/wp-json\/wp\/v2\/types\/post"}],"author":[{"embeddable":true,"href":"https:\/\/util.hr\/en\/wp-json\/wp\/v2\/users\/1"}],"replies":[{"embeddable":true,"href":"https:\/\/util.hr\/en\/wp-json\/wp\/v2\/comments?post=2472"}],"version-history":[{"count":3,"href":"https:\/\/util.hr\/en\/wp-json\/wp\/v2\/posts\/2472\/revisions"}],"predecessor-version":[{"id":2476,"href":"https:\/\/util.hr\/en\/wp-json\/wp\/v2\/posts\/2472\/revisions\/2476"}],"wp:featuredmedia":[{"embeddable":true,"href":"https:\/\/util.hr\/en\/wp-json\/wp\/v2\/media\/2474"}],"wp:attachment":[{"href":"https:\/\/util.hr\/en\/wp-json\/wp\/v2\/media?parent=2472"}],"wp:term":[{"taxonomy":"category","embeddable":true,"href":"https:\/\/util.hr\/en\/wp-json\/wp\/v2\/categories?post=2472"},{"taxonomy":"post_tag","embeddable":true,"href":"https:\/\/util.hr\/en\/wp-json\/wp\/v2\/tags?post=2472"}],"curies":[{"name":"wp","href":"https:\/\/api.w.org\/{rel}","templated":true}]}}