{"id":2277,"date":"2022-06-05T08:00:53","date_gmt":"2022-06-05T08:00:53","guid":{"rendered":"https:\/\/util.hr\/?p=2277"},"modified":"2022-06-15T23:42:57","modified_gmt":"2022-06-15T23:42:57","slug":"util-konferencija-euro-najava","status":"publish","type":"post","link":"https:\/\/util.hr\/en\/2022\/06\/05\/util-konferencija-euro-najava\/","title":{"rendered":"Prijavite se za konferenciju o implementaciji eura u trgovine"},"content":{"rendered":"<p>Zagreb, 10. lipnja 2022. | Udruga trgovine i logistike organizira konferenciju pod nazivom \u201eIMPLEMENTACIJA EURA \u2013 SVE \u0160TO MORATE ZNATI\u201c na kojoj \u0107e stru\u010dne panele odr\u017eati Ministarstvo financija, Ministarstvo gospodarstva i odr\u017eivog razvoja, Hrvatska narodna banka te Dr\u017eavni inspektorat. Konferencija \u0107e se odr\u017eati 29. lipnja, a sudjelovanje je besplatno.<\/p>\n<p>Uvo\u0111enje eura jedan je od operativno najzahtjevnijih i najve\u0107ih izazova s kojima su se hrvatski poslodavci ikada susreli. Sredinom svibnja Hrvatski sabor je usvojio Zakon o uvo\u0111enju eura kao slu\u017ebene valute u Republici Hrvatskoj, Vlada je objavila i dodatne Smjernice za prilagodbu gospodarstva, osnovano je i posebno tijelo \u201eKoordinacijski odbor za prilagodbu gospodarstva i za\u0161titu potro\u0161a\u010da\u201c koje je izdalo sveobuhvatne upute -no prakti\u010dna implementacija brojnim poslodavcima otvara brojne nedoumice i pitanja koje trebaju obja\u0161njenje i odgovor.<\/p>\n<p>S druge pak strane, poslodavci bi u tek nekoliko tjedana trebali provesti cijeli set aktivnosti prilagodbe vlastitih tehni\u010dkih sustava i operativnih protokola te biti spremni prvo za dvojni prikaz i obra\u010dun cijena, a vrlo brzo i za potpuni prelazak na novu valutu.<\/p>\n<p>Kako bismo do\u0161li do klju\u010dnih odgovora: \u0161to se to\u010dno treba napraviti, kako i u kojem roku \u2013\u00a0<a href=\"https:\/\/util.hr\/en\/\"><strong>Udruga trgovine i logistike<\/strong><\/a>\u00a0organizira konferenciju na koju dovodi klju\u010dne institucije zadu\u017eene za uvo\u0111enje eura. Na konferenciji \u0107e sudjelovati i g. Stipe \u017dupan, dr\u017eavni tajnik u <strong>Ministarstvu financija<\/strong>, g\u0111a Nata\u0161a Miku\u0161 \u017digman, dr\u017eavna tajnica u <strong>Ministarstvu gospodarstva i odr\u017eivog razvoja<\/strong>, dr.sc. Michael Faulend, viceguverner <strong>Hrvatske narodne banke<\/strong> te klju\u010dni pojedinci zadu\u017eeni za proces uvo\u0111enja eura.<\/p>\n<p>Predstavnici dr\u017eavnih institucija odr\u017eat \u0107e prezentacije s naglaskom na implementaciju eura u sektor trgovine, a potom \u0107e biti dostupni i za pitanja publike.<\/p>\n<p>Konferencija \u0107e se odr\u017eati u srijedu, 29. lipnja 2022. s po\u010detkom u 11 sati, u kongresnoj dvorani Konzum akademije\u00a0(Turinina 11, Zagreb).\u00a0Sudjelovanje na konferenciji je besplatno, a registracije se vr\u0161e na e-mail konferencija@util.hr.<\/p>","protected":false},"excerpt":{"rendered":"<p>Zagreb, 10. lipnja 2022. | Udruga trgovine i logistike organizira konferenciju pod nazivom \u201eIMPLEMENTACIJA EURA \u2013 SVE \u0160TO MORATE ZNATI\u201c na kojoj \u0107e stru\u010dne panele odr\u017eati Ministarstvo financija, Ministarstvo gospodarstva i odr\u017eivog razvoja, Hrvatska narodna banka te Dr\u017eavni inspektorat. Konferencija \u0107e se odr\u017eati 29. lipnja, a sudjelovanje je besplatno. Uvo\u0111enje eura jedan je od operativno [&hellip;]<\/p>","protected":false},"author":1,"featured_media":2399,"comment_status":"open","ping_status":"open","sticky":false,"template":"","format":"standard","meta":{"footnotes":""},"categories":[1],"tags":[],"class_list":["post-2277","post","type-post","status-publish","format-standard","has-post-thumbnail","hentry","category-blog"],"blocksy_meta":{"styles_descriptor":{"styles":{"desktop":"","tablet":"","mobile":""},"google_fonts":[],"version":5}},"_links":{"self":[{"href":"https:\/\/util.hr\/en\/wp-json\/wp\/v2\/posts\/2277","targetHints":{"allow":["GET"]}}],"collection":[{"href":"https:\/\/util.hr\/en\/wp-json\/wp\/v2\/posts"}],"about":[{"href":"https:\/\/util.hr\/en\/wp-json\/wp\/v2\/types\/post"}],"author":[{"embeddable":true,"href":"https:\/\/util.hr\/en\/wp-json\/wp\/v2\/users\/1"}],"replies":[{"embeddable":true,"href":"https:\/\/util.hr\/en\/wp-json\/wp\/v2\/comments?post=2277"}],"version-history":[{"count":3,"href":"https:\/\/util.hr\/en\/wp-json\/wp\/v2\/posts\/2277\/revisions"}],"predecessor-version":[{"id":2400,"href":"https:\/\/util.hr\/en\/wp-json\/wp\/v2\/posts\/2277\/revisions\/2400"}],"wp:featuredmedia":[{"embeddable":true,"href":"https:\/\/util.hr\/en\/wp-json\/wp\/v2\/media\/2399"}],"wp:attachment":[{"href":"https:\/\/util.hr\/en\/wp-json\/wp\/v2\/media?parent=2277"}],"wp:term":[{"taxonomy":"category","embeddable":true,"href":"https:\/\/util.hr\/en\/wp-json\/wp\/v2\/categories?post=2277"},{"taxonomy":"post_tag","embeddable":true,"href":"https:\/\/util.hr\/en\/wp-json\/wp\/v2\/tags?post=2277"}],"curies":[{"name":"wp","href":"https:\/\/api.w.org\/{rel}","templated":true}]}}