{"id":2272,"date":"2022-06-05T07:59:14","date_gmt":"2022-06-05T07:59:14","guid":{"rendered":"https:\/\/util.hr\/?p=2272"},"modified":"2022-06-13T14:23:21","modified_gmt":"2022-06-13T14:23:21","slug":"osnovana-udruga-trgovine-logistike","status":"publish","type":"post","link":"https:\/\/util.hr\/en\/2022\/06\/05\/osnovana-udruga-trgovine-logistike\/","title":{"rendered":"Osnovana Udruga trgovine i logistike"},"content":{"rendered":"<p>Zagreb, 18. listopada 2021 | Danas je u prostorijama trgova\u010dkog centra Westgate odr\u017eana Osniva\u010dka skup\u0161tina <strong><em>Udruge trgovine i logistike<\/em> (UTIL), nove interesne udruge<\/strong> koja okuplja tvrtke prehrambene i neprehrambene trgovine te logistike, sektora koji prirodno \u010dine objedinjeni lanac.<\/p>\n<p>Novoosnovanu Udrugu trgovine i logistike, koja \u0107e s radom zapo\u010deti po upisivanju u Registar udruga RH, u ovom trenutku \u010dini 12 tvrtki utemeljitelja koji predstavljaju va\u017ene dionike i lidere u maloprodaji i veleprodaji hrane i pi\u0107a, trgovini namje\u0161tajem, renomiranim modnim i sportskim brendovima te robom \u0161iroke potro\u0161nje, kao i u upravljanju trgova\u010dkim centrima i logistici. <strong>Ciljevi rada UTIL-a su smanjenje tro\u0161kova poslovanja industrije i odr\u017eivi rast<\/strong> u skladu s ciljevima odr\u017eivog razvoja poslovanja te <strong>unapre\u0111enje poslovnog i zakonodavnog okvira<\/strong>, kao i daljnja harmonizacija s najboljim EU praksama.<\/p>\n<p>Na sjednici Osniva\u010dke skup\u0161tine za predsjednika UTIL-a je izabran <strong>Denis \u010cupi\u0107<\/strong>, vlasnik i predsjednik uprave F.O. Grupe, a za \u010dlanove Upravnog odbora su izabrani \u010dlan uprave Konzuma <strong>Tomislav Kramari\u0107<\/strong>, predsjednik uprave Emmezete <strong>Slobodan \u0160kolnik<\/strong>, izvr\u0161ni direktor Schenkera Sa\u0161a Baleta te <strong>Ana Babi\u0107<\/strong>, direktorica LPP Hrvatska.<\/p>\n<p>Na Osniva\u010dkoj skup\u0161tini imenovana su i tri \u010dlana Savjeta Udruge, tijela koje nadzire rad udruge, i to <strong>Stjepan Rogli\u0107<\/strong>, potpredsjednik Nadzornog odbora Orbico Grupe, <strong>Tomislav Bagi\u0107<\/strong> predsjednik uprave Tiska te <strong>Dinko Magazin<\/strong>, predsjednik Uprave Polleo Sporta.<\/p>\n<p>\u201eOsnivanjem i djelovanjem Udruge trgovine i logistike \u017eelimo pove\u0107ati konkurentnost tvrtki u lancu opskrbe te omogu\u0107iti uspje\u0161nije poslovanje industrije koja po svojim godi\u0161njim prihodima, broju zaposlenika i doprinosu u dr\u017eavni prora\u010dun predstavlja jednu od klju\u010dnih gospodarskih grana u Hrvatskoj. Sa svim dionicima i donositeljima odluka relevantnih za na\u0161e gospodarske djelatnosti te svim\u00a0 interesnim udru\u017eenjima \u017eelimo ostvariti konstruktivan i afirmativan dijalog, stavljaju\u0107i na raspolaganje znanje i ekspertizu tvrtki \u010dlanica s ciljem stvaranja uvjeta za dugoro\u010dno odr\u017eiv i jo\u0161 uspje\u0161niji razvoj industrije. Danas se okupilo 12 tvrtki utemeljitelja, ali to je tek po\u010detak. Industriji trgovine i logistike je u kontekstu najavljenih izmjena i dopuna zakonskih regulativa; <strong>od Zakona o trgovini, uvo\u0111enja Eura, pravedne regulacije e-trgovine itd., te u kontekstu zna\u010dajnog pove\u0107anja tro\u0161kova poslovanja<\/strong> itekako potrebna organizacija koja \u0107e biti fokusirana primarno na ove teme. Zato vjerujemo i nadamo se da \u0107e nam se po po\u010detku rada pridru\u017eiti i druge tvrtke iz na\u0161eg sektora, jer svi dijelimo iste izazove i probleme \u201c &#8211; izjavio je predsjednik Udruge trgovine i logistike, Denis \u010cupi\u0107.<\/p>\n<p>Odr\u017eanom Osniva\u010dkom skup\u0161tinom pokrenuti su koraci za osnivanja udruge, a po upisu u Registar udruga Ministarstva rada i socijalne skrbi, Udruga \u0107e slu\u017ebeno zapo\u010deti s radom.<\/p>","protected":false},"excerpt":{"rendered":"<p>Zagreb, 18. listopada 2021 | Danas je u prostorijama trgova\u010dkog centra Westgate odr\u017eana Osniva\u010dka skup\u0161tina Udruge trgovine i logistike (UTIL), nove interesne udruge koja okuplja tvrtke prehrambene i neprehrambene trgovine te logistike, sektora koji prirodno \u010dine objedinjeni lanac. Novoosnovanu Udrugu trgovine i logistike, koja \u0107e s radom zapo\u010deti po upisivanju u Registar udruga RH, u [&hellip;]<\/p>","protected":false},"author":1,"featured_media":2393,"comment_status":"open","ping_status":"open","sticky":false,"template":"","format":"standard","meta":{"footnotes":""},"categories":[1],"tags":[],"class_list":["post-2272","post","type-post","status-publish","format-standard","has-post-thumbnail","hentry","category-blog"],"blocksy_meta":{"styles_descriptor":{"styles":{"desktop":"","tablet":"","mobile":""},"google_fonts":[],"version":5}},"_links":{"self":[{"href":"https:\/\/util.hr\/en\/wp-json\/wp\/v2\/posts\/2272","targetHints":{"allow":["GET"]}}],"collection":[{"href":"https:\/\/util.hr\/en\/wp-json\/wp\/v2\/posts"}],"about":[{"href":"https:\/\/util.hr\/en\/wp-json\/wp\/v2\/types\/post"}],"author":[{"embeddable":true,"href":"https:\/\/util.hr\/en\/wp-json\/wp\/v2\/users\/1"}],"replies":[{"embeddable":true,"href":"https:\/\/util.hr\/en\/wp-json\/wp\/v2\/comments?post=2272"}],"version-history":[{"count":2,"href":"https:\/\/util.hr\/en\/wp-json\/wp\/v2\/posts\/2272\/revisions"}],"predecessor-version":[{"id":2394,"href":"https:\/\/util.hr\/en\/wp-json\/wp\/v2\/posts\/2272\/revisions\/2394"}],"wp:featuredmedia":[{"embeddable":true,"href":"https:\/\/util.hr\/en\/wp-json\/wp\/v2\/media\/2393"}],"wp:attachment":[{"href":"https:\/\/util.hr\/en\/wp-json\/wp\/v2\/media?parent=2272"}],"wp:term":[{"taxonomy":"category","embeddable":true,"href":"https:\/\/util.hr\/en\/wp-json\/wp\/v2\/categories?post=2272"},{"taxonomy":"post_tag","embeddable":true,"href":"https:\/\/util.hr\/en\/wp-json\/wp\/v2\/tags?post=2272"}],"curies":[{"name":"wp","href":"https:\/\/api.w.org\/{rel}","templated":true}]}}